{"id":14787,"date":"2025-03-10T14:43:38","date_gmt":"2025-03-10T12:43:38","guid":{"rendered":"https:\/\/kultura.jelgava.lv\/?p=14787"},"modified":"2025-03-10T14:44:33","modified_gmt":"2025-03-10T12:44:33","slug":"bilesu-tirdznieciba-sakusies-starptautiskais-smilsu-skulpturu-festivals-sand-signs-2025-jelgava","status":"publish","type":"post","link":"https:\/\/kultura.jelgava.lv\/en\/2025\/03\/10\/bilesu-tirdznieciba-sakusies-starptautiskais-smilsu-skulpturu-festivals-sand-signs-2025-jelgava\/","title":{"rendered":"Bi\u013ce\u0161u tirdzniec\u012bba s\u0101kusies: Starptautiskais Smil\u0161u skulpt\u016bru festiv\u0101ls \u201cSAND SIGNS 2025\u201d Jelgav\u0101"},"content":{"rendered":"<div data-elementor-type=\"wp-post\" data-elementor-id=\"14787\" class=\"elementor elementor-14787\" data-elementor-post-type=\"post\">\n\t\t\t\t\t\t<section class=\"elementor-section elementor-top-section elementor-element elementor-element-20fd163e elementor-section-full_width elementor-section-height-min-height elementor-section-height-default elementor-section-items-middle\" data-id=\"20fd163e\" data-element_type=\"section\" data-e-type=\"section\" data-settings=\"{&quot;background_background&quot;:&quot;classic&quot;}\">\n\t\t\t\t\t\t\t<div class=\"elementor-background-overlay\"><\/div>\n\t\t\t\t\t\t\t<div class=\"elementor-container elementor-column-gap-no\">\n\t\t\t\t\t<div class=\"elementor-column elementor-col-100 elementor-top-column elementor-element elementor-element-75f80c3c\" data-id=\"75f80c3c\" data-element_type=\"column\" data-e-type=\"column\">\n\t\t\t<div class=\"elementor-widget-wrap elementor-element-populated\">\n\t\t\t\t\t\t<div class=\"elementor-element elementor-element-a4b1d27 animated-slow elementor-widget elementor-widget-heading\" data-id=\"a4b1d27\" data-element_type=\"widget\" data-e-type=\"widget\" data-settings=\"{&quot;_animation&quot;:&quot;none&quot;,&quot;_animation_delay&quot;:300}\" data-widget_type=\"heading.default\">\n\t\t\t\t<div class=\"elementor-widget-container\">\n\t\t\t\t\t<h2 class=\"elementor-heading-title elementor-size-default\">Bi\u013ce\u0161u tirdzniec\u012bba s\u0101kusies: Starptautiskais Smil\u0161u skulpt\u016bru festiv\u0101ls \u201cSAND SIGNS 2025\u201d Jelgav\u0101<\/h2>\t\t\t\t<\/div>\n\t\t\t\t<\/div>\n\t\t\t\t<div class=\"elementor-element elementor-element-24855422 elementor-widget elementor-widget-heading\" data-id=\"24855422\" data-element_type=\"widget\" data-e-type=\"widget\" data-widget_type=\"heading.default\">\n\t\t\t\t<div class=\"elementor-widget-container\">\n\t\t\t\t\t<h3 class=\"elementor-heading-title elementor-size-default\">10. March, 2025.<\/h3>\t\t\t\t<\/div>\n\t\t\t\t<\/div>\n\t\t\t\t\t<\/div>\n\t\t<\/div>\n\t\t\t\t\t<\/div>\n\t\t<\/section>\n\t\t<div class=\"elementor-element elementor-element-e523349 e-flex e-con-boxed e-con e-parent\" data-id=\"e523349\" data-element_type=\"container\" data-e-type=\"container\">\n\t\t\t\t\t<div class=\"e-con-inner\">\n\t\t\t\t<div class=\"elementor-element elementor-element-84cc745 elementor-widget elementor-widget-text-editor\" data-id=\"84cc745\" data-element_type=\"widget\" data-e-type=\"widget\" data-widget_type=\"text-editor.default\">\n\t\t\t\t<div class=\"elementor-widget-container\">\n\t\t\t\t\t\t\t\t\t<p>Jelgav\u0101, Pasta sal\u0101, 17. maij\u0101 norisin\u0101sies 19. Starptautiskais Smil\u0161u skulpt\u016bru festiv\u0101ls, kura t\u0113ma \u0161ogad ir \u201cM\u012btiskie t\u0113li\u201d. Festiv\u0101ls pied\u0101v\u0101s iesp\u0113ju iepaz\u012bt le\u0123end\u0101m apv\u012btas b\u016btnes un piedz\u012bvot ma\u0123ijas un fant\u0101zijas pasauli caur iespaid\u012bg\u0101m smil\u0161u skulpt\u016br\u0101m, kuras rad\u012bs m\u0101kslinieki no da\u017e\u0101d\u0101m pasaules valst\u012bm.<\/p><p>Festiv\u0101la grandioz\u0101 atkl\u0101\u0161ana notiks 17. maij\u0101 \u00a0no pulksten 11.00 \u2013 23.00 ar pla\u0161u un daudzveid\u012bgu programmu. Dienas pirmaj\u0101 pus\u0113 tiks pied\u0101v\u0101tas aktivit\u0101tes \u0123imen\u0113m ar b\u0113rniem \u2013 \u012bpa\u0161\u0101 koncertuzvedum\u0101 \u201cDro\u0161\u012bbas Festiv\u0101ls\u201d uzst\u0101sies vok\u0101l\u0101 studija &#8220;Kn\u012bpas un Knau\u0137i&#8221; un Art\u016brs Gruzdi\u0146\u0161, savuk\u0101rt Ri\u010dijs R\u016b un Lauris Reiniks ved\u012bs skat\u012bt\u0101jus aizraujo\u0161\u0101 ce\u013cojum\u0101 uz \u0100friku.<\/p><p>Vakara programm\u0101 Br\u012bvdabas koncertz\u0101l\u0113 \u201cM\u012btava\u201d festiv\u0101ls ieskandin\u0101s vasaru ar jaud\u012bgu muzik\u0101lo programmu. Uz skatuves k\u0101ps Latvijas regeja apvien\u012bba <em>Riga Reggae<\/em>, Lietuvas ener\u0123isk\u0101 grupa <em>The Roop<\/em> un par ball\u012btes kulmin\u0101ciju par\u016bp\u0113sies <em>Bermudu Divst\u016bris<\/em>.<\/p><p>Bi\u013cetes iesp\u0113jams ieg\u0101d\u0101ties iepriek\u0161p\u0101rdo\u0161an\u0101 l\u012bdz 5. maijam par izdev\u012bg\u0101ku cenu \u2013 t\u0101s pieejamas \u201cBi\u013ce\u0161u Parad\u012bze\u201d kas\u0113s vis\u0101 Latvij\u0101, Jelgavas Kult\u016bras nama kas\u0113 un tie\u0161saist\u0113 vietn\u0113 <a href=\"http:\/\/www.bilesuparadize.lv\">www.bilesuparadize.lv<\/a>. Jelgavas Kult\u016bras nam\u0101 bi\u013cetes ar papildu atlaid\u0113m var ieg\u0101d\u0101ties, uzr\u0101dot \u201cJelgavas V\u0113stnesis\u201d Smil\u0161u festiv\u0101la kuponu (apr\u012b\u013ca numur\u0101), Jelgavas iedz\u012bvot\u0101ja karti vai Jelgavas skol\u0113na apliec\u012bbu.<\/p><table width=\"0\"><tbody><tr><td colspan=\"2\" width=\"635\"><p><strong>Bi\u013ce\u0161u cenas IEPRIEK\u0160P\u0100RDO\u0160AN\u0100 l\u012bdz 5. maijam (ieskaitot, l\u012bdz pl. 24.00)<\/strong><\/p><\/td><\/tr><tr><td width=\"503\"><p>Dienas bi\u013cete pieaugu\u0161ajiem<\/p><\/td><td width=\"132\"><p>10.00 EUR<\/p><\/td><\/tr><tr><td width=\"503\"><p>Dienas bi\u013cete skol\u0113niem, studentiem, pension\u0101riem, inval\u012bdiem<\/p><\/td><td width=\"132\"><p>5.00 EUR<\/p><\/td><\/tr><tr><td width=\"503\"><p>\u0122imenes bi\u013cete (<em>2 pieaugu\u0161ie + 2 b\u0113rni vai 1 pieaugu\u0161ais + 3 b\u0113rni<\/em>) vai \u201c3+ \u0122imenes karte\u201d<\/p><\/td><td width=\"132\"><p>20.00 EUR<\/p><\/td><\/tr><tr><td width=\"503\"><p>\u00a0 Ar \u201cJelgavas V\u0113stnesis\u201d Smil\u0161u festiv\u0101la kuponu vai uzr\u0101dot Jelgavas iedz\u012bvot\u0101ja karti <strong>(<em>iesp\u0113jams tikai Jelgavas Kult\u016bras nam\u0101<\/em>)<\/strong><\/p><\/td><td width=\"132\"><p>7.00 EUR<\/p><\/td><\/tr><tr><td width=\"503\"><p>\u00a0 Uzr\u0101dot Jelgavas skol\u0113nu apliec\u012bbu <strong>(<em>iesp\u0113jams tikai Jelgavas Kult\u016bras nam\u0101<\/em>)<\/strong><\/p><\/td><td width=\"132\"><p>4.00 EUR<\/p><\/td><\/tr><tr><td width=\"503\"><p>\u00a0B\u0113rni l\u012bdz 7 gadu vecumam<\/p><\/td><td width=\"132\"><p>Ieeja bez maksas<\/p><\/td><\/tr><\/tbody><\/table><p>\u00a0<\/p><table width=\"0\"><tbody><tr><td colspan=\"2\" width=\"635\"><p><strong>Bi\u013ce\u0161u cenas no 6. maija l\u012bdz 17. maijam<\/strong><\/p><\/td><\/tr><tr><td width=\"503\"><p>Dienas bi\u013cete pieaugu\u0161ajiem<\/p><\/td><td width=\"132\"><p>15.00 EUR<\/p><\/td><\/tr><tr><td width=\"503\"><p>Dienas bi\u013cete skol\u0113niem, studentiem, pension\u0101riem, inval\u012bdiem<\/p><\/td><td width=\"132\"><p>7.00 EUR<\/p><\/td><\/tr><tr><td width=\"503\"><p>\u0122imenes bi\u013cete (<em>2 pieaugu\u0161ie + 2 b\u0113rni vai 1 pieaugu\u0161ais + 3 b\u0113rni<\/em>) vai \u201c3+ \u0122imenes karte\u201d<\/p><\/td><td width=\"132\"><p>30.00 EUR<\/p><\/td><\/tr><tr><td width=\"503\"><p>\u00a0B\u0113rni l\u012bdz 7 gadu vecumam<\/p><\/td><td width=\"132\"><p>Ieeja bez maksas<\/p><\/td><\/tr><\/tbody><\/table><p>\u00a0<\/p><p><strong>Person\u0101m ar invalidit\u0101ti:<\/strong><\/p><ul><li>I grupas inval\u012bdam (uzr\u0101dot invalidit\u0101tes apliec\u012bbu), b\u0113rnam ar invalidit\u0101ti (l\u012bdz 18 gadu vecumam), uzr\u0101dot invalidit\u0101tes apliec\u012bbu, bez pavado\u0146a ieeja \u2013 bez maksas.<\/li><li>I grupas inval\u012bdam un pavado\u0161ajai personai (inval\u012bdam uzr\u0101dot apliec\u012bbu), II un III grupas inval\u012bdiem (uzr\u0101dot invalidit\u0101tes apliec\u012bbu), b\u0113rnam ar invalidit\u0101ti (l\u012bdz 18 gadu vecumam) un pavado\u0161ajai personai (uzr\u0101dot invalidit\u0101tes apliec\u012bbu) j\u0101ieg\u0101d\u0101jas viena bi\u013cete personai ar invalidit\u0101ti.<\/li><li>Personu grupa ar invalidit\u0101ti (uzr\u0101dot invalidit\u0101tes apliec\u012bbu) un noz\u012bm\u0113t\u0101s pavado\u0161\u0101s personas bi\u013cetes ieg\u0101d\u0101jas tikai person\u0101m ar invalidit\u0101ti.<\/li><\/ul><p><strong>Gidi, grupu vad\u012bt\u0101ji:<\/strong><\/p><ul><li>T\u016bristu gids (uzr\u0101dot Jelgavas pils\u0113tas gida apliec\u012bbu) ieeja bez maksas;<\/li><li>Grupas vad\u012bt\u0101js, ja grup\u0101 ir 20 un vair\u0101k personas ieeja bez maksas.<\/li><\/ul><p>Vis\u0101s bi\u013ce\u0161u ieg\u0101des viet\u0101s <strong>var nor\u0113\u0137in\u0101ties ar bankas kart\u0113m<\/strong>.<\/p><p><strong>Bi\u013cetes ir der\u012bgas ar\u012b elektronisk\u0101 veid\u0101<\/strong> uzr\u0101dot t\u0101s mobilaj\u0101 ier\u012bc\u0113. Bi\u013cetes nav nepiecie\u0161ams druk\u0101t. Tie\u0161saist\u0113 t\u0101s iesp\u0113jams ieg\u0101d\u0101ties gan iepriek\u0161p\u0101rdo\u0161an\u0101, gan festiv\u0101la laik\u0101.<\/p><p>Starptautisko Smil\u0161u skulpt\u016bru festiv\u0101lu organiz\u0113 Jelgavas pils\u0113ta un pa\u0161vald\u012bbas iest\u0101de \u201cKult\u016bra\u201d. Vair\u0101k inform\u0101cijas par festiv\u0101lu vietn\u0113s jelgava.lv un kultura.jelgava.lv.<\/p>\t\t\t\t\t\t\t\t<\/div>\n\t\t\t\t<\/div>\n\t\t\t\t\t<\/div>\n\t\t\t\t<\/div>\n\t\t\t\t<\/div>","protected":false},"excerpt":{"rendered":"<p>Jelgav\u0101, Pasta sal\u0101, 17. maij\u0101 norisin\u0101sies 19. Starptautiskais Smil\u0161u skulpt\u016bru festiv\u0101ls, kura t\u0113ma \u0161ogad ir \u201cM\u012btiskie t\u0113li\u201d. Festiv\u0101ls pied\u0101v\u0101s iesp\u0113ju iepaz\u012bt le\u0123end\u0101m apv\u012btas b\u016btnes un piedz\u012bvot ma\u0123ijas un fant\u0101zijas pasauli caur iespaid\u012bg\u0101m smil\u0161u skulpt\u016br\u0101m, kuras rad\u012bs m\u0101kslinieki no da\u017e\u0101d\u0101m pasaules valst\u012bm. Festiv\u0101la grandioz\u0101 atkl\u0101\u0161ana notiks 17. maij\u0101 \u00a0no pulksten 11.00 \u2013 23.00 ar pla\u0161u un [&hellip;]<\/p>\n","protected":false},"author":2,"featured_media":14786,"comment_status":"closed","ping_status":"closed","sticky":false,"template":"","format":"standard","meta":{"footnotes":""},"categories":[45,40],"tags":[],"class_list":["post-14787","post","type-post","status-publish","format-standard","has-post-thumbnail","hentry","category-smilsu-skulpturas","category-zinas"],"_links":{"self":[{"href":"https:\/\/kultura.jelgava.lv\/en\/wp-json\/wp\/v2\/posts\/14787","targetHints":{"allow":["GET"]}}],"collection":[{"href":"https:\/\/kultura.jelgava.lv\/en\/wp-json\/wp\/v2\/posts"}],"about":[{"href":"https:\/\/kultura.jelgava.lv\/en\/wp-json\/wp\/v2\/types\/post"}],"author":[{"embeddable":true,"href":"https:\/\/kultura.jelgava.lv\/en\/wp-json\/wp\/v2\/users\/2"}],"replies":[{"embeddable":true,"href":"https:\/\/kultura.jelgava.lv\/en\/wp-json\/wp\/v2\/comments?post=14787"}],"version-history":[{"count":4,"href":"https:\/\/kultura.jelgava.lv\/en\/wp-json\/wp\/v2\/posts\/14787\/revisions"}],"predecessor-version":[{"id":14791,"href":"https:\/\/kultura.jelgava.lv\/en\/wp-json\/wp\/v2\/posts\/14787\/revisions\/14791"}],"wp:featuredmedia":[{"embeddable":true,"href":"https:\/\/kultura.jelgava.lv\/en\/wp-json\/wp\/v2\/media\/14786"}],"wp:attachment":[{"href":"https:\/\/kultura.jelgava.lv\/en\/wp-json\/wp\/v2\/media?parent=14787"}],"wp:term":[{"taxonomy":"category","embeddable":true,"href":"https:\/\/kultura.jelgava.lv\/en\/wp-json\/wp\/v2\/categories?post=14787"},{"taxonomy":"post_tag","embeddable":true,"href":"https:\/\/kultura.jelgava.lv\/en\/wp-json\/wp\/v2\/tags?post=14787"}],"curies":[{"name":"wp","href":"https:\/\/api.w.org\/{rel}","templated":true}]}}